{"id":430,"date":"2011-03-09T11:24:19","date_gmt":"2011-03-09T10:24:19","guid":{"rendered":"http:\/\/www.kg-neuenhof.de\/?p=430"},"modified":"2011-03-09T11:28:44","modified_gmt":"2011-03-09T10:28:44","slug":"sven-i-schnorrer-ist-prinz-in-neuenhof","status":"publish","type":"post","link":"https:\/\/www.kg-neuenhof.de\/?p=430","title":{"rendered":"Sven I. (Schnorrer) ist Prinz in Neuenhof"},"content":{"rendered":"<p style=\"text-align: center;\"><img loading=\"lazy\" decoding=\"async\" class=\"size-full wp-image-431 aligncenter\" style=\"margin-top: 5px; margin-bottom: 5px;\" title=\"sven_schnorrer\" src=\"http:\/\/www.kg-neuenhof.de\/wp-content\/uploads\/2011\/03\/sven_schnorrer.jpg\" alt=\"\" width=\"193\" height=\"279\" \/><\/p>\n<p>P\u00fcnktlich um 19.11 Uhr begann der gro\u00dfe Galaabend der Karnevalsgesellschaft Neuenhof. Pr\u00e4sident Hans-J\u00fcrgen Springob hoffte, dass, die Karnevalisten Fr\u00f6hlichkeit und Stimmung mitgebracht haben&#8220;. Daran herrschte an diesem Abend kein Mangel. Erstmals \u00fcbernahm Attendorns B\u00fcrgermeister Wolfgang Hilleke die Prinzenproklamation und \u00fcberreichte der neuen Tollit\u00e4t Sven I. (Schnorrer) die Prinzenkette. Der 22-l\u00e4hrige Lichtringhauser arbeitet als Heizungsbauer und ist privat noch zu haben. Er liebt seinen Hund Kira, die Roten Funken und seinen &#8222;Bully&#8220;, mit dem er zu Festivals und Konzerten f\u00e4hrt. Sven I. setzt die Familientradition fort. Vater Uwe war eben-falls Prinz in Neuenhof. Charlene Fischer und Sebastian Wach stehen dem neuen Prinzen als Pagen zur Seite. Prinz und Pagen sind Mitglieder der Roten Funken, und zwar als Major, Mariechen und Gardist und sind schon seit Kindertagen in der aktiv.Dann hie\u00df es &#8222;B\u00fchne frei!&#8220; f\u00fcr die vielen Akteure, die auf ihren Auftritt warteten. An Show- und Gardet\u00e4nzen herrschte kein Mangel.<\/p>\n<p>Als Stargast hatten die Neuenhofer Karnevalisten den italienischen Wirbelwind Diana Sorbello eingeladen. Die S\u00e4ngerin, die in K\u00f6ln lebt, hatte auch ihren Sommerhit &#8222;Mamma Maria&#8220; mitgebracht. Ber\u00fchrungs\u00e4ngste gab es bei ihr nicht; so sang sie nicht nur auf der B\u00fchne, sondern mischte sich auch unters Publikum.Die katholische Frauengemeinschaft durfte mit ihrem Beitrag nicht fehlen und S\u00e4ngerin Katja Springob sang total cool den Song &#8222;Skandal um Rosi&#8220;. Das Strahlen und den Tanz des Solomariechens Karoline Hombruch werden die feierfreudigen Anwesenden so leicht nicht vergessen. Die Happy Girls hatten sich mit dem &#8222;Affentanz&#8220; etwas Neues einfallen lassen. Beim Tanz der Roten Funken Neu-enhof musste Sven Schnorrer sein Prinzenkost\u00fcm gegen die Gardeuniform tauschen und zeigte, dass er auch als Major eine gute Figur abgibt.Alleinunterhalter und Entertainer &#8222;Magic&#8220; Maschke sorgte noch nach dem Finale f\u00fcr kr\u00e4ftige Stimmungsmusik.<\/p>\n<p>Bericht &amp; Bild: Westfalenpost<\/p>\n","protected":false},"excerpt":{"rendered":"<p>P\u00fcnktlich um 19.11 Uhr begann der gro\u00dfe Galaabend der Karnevalsgesellschaft Neuenhof. Pr\u00e4sident Hans-J\u00fcrgen Springob hoffte, dass, die Karnevalisten Fr\u00f6hlichkeit und Stimmung mitgebracht haben&#8220;. Daran herrschte an diesem Abend kein Mangel. Erstmals \u00fcbernahm Attendorns B\u00fcrgermeister Wolfgang Hilleke die Prinzenproklamation und \u00fcberreichte&#8230; <a class=\"read-more-button\" href=\"https:\/\/www.kg-neuenhof.de\/?p=430\">(MEHR LESEN)<\/a><\/p>\n","protected":false},"author":1,"featured_media":0,"comment_status":"open","ping_status":"open","sticky":false,"template":"","format":"standard","meta":{"footnotes":"","jetpack_publicize_message":"","jetpack_publicize_feature_enabled":true,"jetpack_social_post_already_shared":false,"jetpack_social_options":{"image_generator_settings":{"template":"highway","default_image_id":0,"font":"","enabled":false},"version":2}},"categories":[4],"tags":[],"class_list":["post-430","post","type-post","status-publish","format-standard","hentry","category-galaabend"],"jetpack_publicize_connections":[],"_links":{"self":[{"href":"https:\/\/www.kg-neuenhof.de\/index.php?rest_route=\/wp\/v2\/posts\/430","targetHints":{"allow":["GET"]}}],"collection":[{"href":"https:\/\/www.kg-neuenhof.de\/index.php?rest_route=\/wp\/v2\/posts"}],"about":[{"href":"https:\/\/www.kg-neuenhof.de\/index.php?rest_route=\/wp\/v2\/types\/post"}],"author":[{"embeddable":true,"href":"https:\/\/www.kg-neuenhof.de\/index.php?rest_route=\/wp\/v2\/users\/1"}],"replies":[{"embeddable":true,"href":"https:\/\/www.kg-neuenhof.de\/index.php?rest_route=%2Fwp%2Fv2%2Fcomments&post=430"}],"version-history":[{"count":6,"href":"https:\/\/www.kg-neuenhof.de\/index.php?rest_route=\/wp\/v2\/posts\/430\/revisions"}],"predecessor-version":[{"id":435,"href":"https:\/\/www.kg-neuenhof.de\/index.php?rest_route=\/wp\/v2\/posts\/430\/revisions\/435"}],"wp:attachment":[{"href":"https:\/\/www.kg-neuenhof.de\/index.php?rest_route=%2Fwp%2Fv2%2Fmedia&parent=430"}],"wp:term":[{"taxonomy":"category","embeddable":true,"href":"https:\/\/www.kg-neuenhof.de\/index.php?rest_route=%2Fwp%2Fv2%2Fcategories&post=430"},{"taxonomy":"post_tag","embeddable":true,"href":"https:\/\/www.kg-neuenhof.de\/index.php?rest_route=%2Fwp%2Fv2%2Ftags&post=430"}],"curies":[{"name":"wp","href":"https:\/\/api.w.org\/{rel}","templated":true}]}}