{"id":415,"date":"2011-02-08T20:07:44","date_gmt":"2011-02-08T19:07:44","guid":{"rendered":"http:\/\/www.kg-neuenhof.de\/?p=415"},"modified":"2011-02-09T13:15:59","modified_gmt":"2011-02-09T12:15:59","slug":"groser-galaabend-der-kg-neuenhof-e-v-am-5-marz-2011","status":"publish","type":"post","link":"https:\/\/www.kg-neuenhof.de\/?p=415","title":{"rendered":"Gro\u00dfer Galaabend am 5. M\u00e4rz 2011"},"content":{"rendered":"<p style=\"text-align: left;\">Der Gro\u00dfe Galaabend mit Prinzenproklamation am Samstag, 5. M\u00e4rz 2011, bildet bei der Karnevalsgesellschaft Neuenhof den H\u00f6hepunkt der Session.<br \/>\nP\u00fcnktlich um 19:11 Uhr wird der Elferrat, unter den Kl\u00e4ngen des Alleinunterhalters Michael Maschke aus Saalhausen, zusammen mit dem Zeremonienmeister, mit der Prinzengarde Gr\u00fcn-Wei\u00df Neuenhof, der Kinderprinzengarde Rot-Wei\u00df Neuenhof sowie den Roten Funken der KG Neuenhof in die bunt geschm\u00fcckte Sch\u00fctzenhalle einmarschieren.<\/p>\n<p>Nach der Begr\u00fc\u00dfung durch Pr\u00e4sident Hans-J\u00fcrgen Springob wird das gro\u00dfe Geheimnis gel\u00fcftet: wer wird die noch amtierende Prinzessin Annika I (Scheppe) als Neuenhofer Karnevalsprinz abl\u00f6sen und wer sind die neuen Pagen des Prinzen?<\/p>\n<p>Nat\u00fcrlich l\u00e4sst es sich auch der noch amtierende Kinderprinz 2010, Dean I Wannagat nicht nehmen, dem neuen Prinz Karneval seine Gl\u00fcckw\u00fcnsche auszusprechen und er bringt als Geschenk zu Ehren der neuen Tollit\u00e4t den Gardetanz seiner Prinzengarde Rot-Wei\u00df mit.<\/p>\n<p>Weitere H\u00f6hepunkte des Programms bilden dann: Prinzengarde Gr\u00fcn-Wei\u00df Neuenhof, Rote Funken der KG Neuenhof, M\u00e4nnerballett Neuenhof, Happy Girls Neuenhof, Solomariechen Karoline Hornbruch der KG Neuenhof, Prinzengarde Rot-Wei\u00df Neuenhof, Katholische Frauengemeinschaft Lichtringhausen, Rote Funken Lichtringhausen, die Funkemariechen Valbert und die Showtanzgruppe des D\u00dcKC.<\/p>\n<p>Als besonderes Highlight konnte in diesem Jahr die erfolgreiche Stimmungss\u00e4ngerin Diana Sorbello verpflichtet werden. Bereits im Jahr 1998 begann Diana, zusammen mit der Gruppe WIND, ihre Karriere beim Vorentscheid zum Grand-Prix. Danach absolvierte die Tochter eines sizilianischen Eiscafe-Besitzers zun\u00e4chst ihr Studium der Soziologie an der Westf\u00e4lischen Wilhelms-Universit\u00e4t in M\u00fcnster.\u00a0Nach ihrem Studium widmete sie sich wieder voll und ganz ihrer gr\u00f6\u00dften Leidenschaft, der Musik. 2006 erschien ihr erstes Album &#8222;Bitters\u00fc\u00df&#8220; und in zahlreichen TV- Shows, wie Florian Silbereisens &#8222;Fest der Volksmusik&#8220;, pr\u00e4sentierte sie den neu aufgenommenen Klassiker &#8222;Ich fange nie mehr was an einem Sonntag an.&#8220;<\/p>\n<p style=\"text-align: center;\"><img loading=\"lazy\" decoding=\"async\" class=\"aligncenter size-full wp-image-416\" title=\"Diana_15.07.09_044\" src=\"http:\/\/www.kg-neuenhof.de\/wp-content\/uploads\/2011\/02\/Diana_15.07.09_044.jpg\" alt=\"\" width=\"273\" height=\"374\" srcset=\"https:\/\/www.kg-neuenhof.de\/wp-content\/uploads\/2011\/02\/Diana_15.07.09_044.jpg 273w, https:\/\/www.kg-neuenhof.de\/wp-content\/uploads\/2011\/02\/Diana_15.07.09_044-218x300.jpg 218w\" sizes=\"auto, (max-width: 273px) 100vw, 273px\" \/><\/p>\n<p>Passend zum Fu\u00dfball WM Fieber in Deutschland platzierte sich auch ihr Fu\u00dfball Song &#8222;Wir schwenken die Fahnen schwarz, rot, gold&#8220; in den offiziellen Media Control Charts und mit bisher weit \u00fcber 150.000 verkauften CD&#8217;s erhielt Diana Sorbello offizielles Gold.<br \/>\nIm vergangenen Jahr begleitete Diana Michael Wendler bei seiner Tournee durch Deutschland. Dort trat sie im Vorprogramm und als Duetts\u00e4ngerin von Michael Wendler auf. Derzeit arbeitet die in der karnevalistischen Rheinstadt K\u00f6ln lebende Diana Sorbello, zusammen mit Ihrem Produzenten Hermann Niesig, der bereits f\u00fcr den modernen Sound von Michael Wendler bekannt ist, an ihrem n\u00e4chsten Album.<br \/>\nDiana wird das Publikum mit ihrer unverwechselbaren Stimme und mit ihrer feurigen B\u00fchnenshow begeistern.<\/p>\n<p>Des weiteren werden die Biggejungs der B\u00fcrgergesellschaft Olpe auf der B\u00fchne stehen und f\u00fcr abwechslungsreiche Unterhaltung sorgen.<\/p>\n<p>Die Neuenhofer Karnevalisten haben somit wieder ein umfangreiches Programm f\u00fcr alle Altersklassen zusammenstellen k\u00f6nnen. Stimmung und strapazierte Lachmuskeln sind also beim Galaabend der KG Neuenhof mal wieder garantiert.<br \/>\nNach dem gro\u00dfen Finale, bei dem der heimische Karnevalsschlager \u201eNeuenhof Alaaf\u201c das Programm des Galaabends beenden wird, bittet Alleinunterhalter Michael Maschke zum Tanz bis in die fr\u00fchen Morgenstunden.<\/p>\n<p>Wenn dann am Sonntag die Halle wieder auf Vordermann gebracht worden ist, steht sie am Rosenmontag, wie in jedem Jahr, den kleinen Narren zur Verf\u00fcgung. Hier l\u00e4dt ab 15:11 Uhr der Kinderelferrat um Pr\u00e4sident Pascal Extremera-Mayo zum bunten Kinderkarneval ein. H\u00f6hepunkt des Tages wird die Proklamation des neuen Kinderprinzen mit seinen Pagen. Die spannende Frage lautet also: Wer wird Nachfolger von Kinderprinz Dean I (Wannagat) mit seinen Pagen Maximilian Vorstmann und Phil Wannagat?<\/p>\n<p>Auch der Nachwuchs der KG Neuenhof hat wieder ein umfangreiches Programm auf die Beine gestellt. Der Kinderelferrat pr\u00e4sentiert, neben den Garden und Showgruppen der KG Neuenhof, auch viele G\u00e4ste aus befreundeten Karnevalsgesellschaften.<\/p>\n<p>Zum Gro\u00dfen Galaabend findet kein Vorverkauf statt, der Eintritt an der Abendkasse betr\u00e4gt f\u00fcr Nichtmitglieder 9,- Euro. Beim Kinderkarneval ist der Eintritt frei.<\/p>\n","protected":false},"excerpt":{"rendered":"<p>Der Gro\u00dfe Galaabend mit Prinzenproklamation am Samstag, 5. M\u00e4rz 2011, bildet bei der Karnevalsgesellschaft Neuenhof den H\u00f6hepunkt der Session. P\u00fcnktlich um 19:11 Uhr wird der Elferrat, unter den Kl\u00e4ngen des Alleinunterhalters Michael Maschke aus Saalhausen, zusammen mit dem Zeremonienmeister, mit&#8230; <a class=\"read-more-button\" href=\"https:\/\/www.kg-neuenhof.de\/?p=415\">(MEHR LESEN)<\/a><\/p>\n","protected":false},"author":1,"featured_media":0,"comment_status":"open","ping_status":"open","sticky":false,"template":"","format":"standard","meta":{"footnotes":"","jetpack_publicize_message":"","jetpack_publicize_feature_enabled":true,"jetpack_social_post_already_shared":false,"jetpack_social_options":{"image_generator_settings":{"template":"highway","default_image_id":0,"font":"","enabled":false},"version":2}},"categories":[4,5],"tags":[],"class_list":["post-415","post","type-post","status-publish","format-standard","hentry","category-galaabend","category-kinderkarneval"],"jetpack_publicize_connections":[],"_links":{"self":[{"href":"https:\/\/www.kg-neuenhof.de\/index.php?rest_route=\/wp\/v2\/posts\/415","targetHints":{"allow":["GET"]}}],"collection":[{"href":"https:\/\/www.kg-neuenhof.de\/index.php?rest_route=\/wp\/v2\/posts"}],"about":[{"href":"https:\/\/www.kg-neuenhof.de\/index.php?rest_route=\/wp\/v2\/types\/post"}],"author":[{"embeddable":true,"href":"https:\/\/www.kg-neuenhof.de\/index.php?rest_route=\/wp\/v2\/users\/1"}],"replies":[{"embeddable":true,"href":"https:\/\/www.kg-neuenhof.de\/index.php?rest_route=%2Fwp%2Fv2%2Fcomments&post=415"}],"version-history":[{"count":12,"href":"https:\/\/www.kg-neuenhof.de\/index.php?rest_route=\/wp\/v2\/posts\/415\/revisions"}],"predecessor-version":[{"id":424,"href":"https:\/\/www.kg-neuenhof.de\/index.php?rest_route=\/wp\/v2\/posts\/415\/revisions\/424"}],"wp:attachment":[{"href":"https:\/\/www.kg-neuenhof.de\/index.php?rest_route=%2Fwp%2Fv2%2Fmedia&parent=415"}],"wp:term":[{"taxonomy":"category","embeddable":true,"href":"https:\/\/www.kg-neuenhof.de\/index.php?rest_route=%2Fwp%2Fv2%2Fcategories&post=415"},{"taxonomy":"post_tag","embeddable":true,"href":"https:\/\/www.kg-neuenhof.de\/index.php?rest_route=%2Fwp%2Fv2%2Ftags&post=415"}],"curies":[{"name":"wp","href":"https:\/\/api.w.org\/{rel}","templated":true}]}}